{"id":82483,"date":"2021-07-13T12:42:47","date_gmt":"2021-07-13T12:42:47","guid":{"rendered":"https:\/\/smfc.pt\/medidas-extraordinarias-de-apoio-covid-19-prorrogacao\/"},"modified":"2021-07-13T12:42:47","modified_gmt":"2021-07-13T12:42:47","slug":"medidas-extraordinarias-de-apoio-covid-19-prorrogacao","status":"publish","type":"post","link":"https:\/\/smfc.pt\/en\/medidas-extraordinarias-de-apoio-covid-19-prorrogacao\/","title":{"rendered":"Medidas extraordina\u0301rias de apoio \/ COVID-19 (Prorroga\u00e7\u00e3o)"},"content":{"rendered":"<p>Muito embora j\u00e1 na\u0303o vigore o estado de emerge\u0302ncia, atento o facto de ainda existirem atividades suspensas e estabelecimentos ou instalac\u0327o\u0303es encerrados, por determinac\u0327a\u0303o legal ou administrativa de fonte governamental, o Governo decidiu prorrogar, nesse a\u0302mbito, atrav\u00e9s do Decreto-Lei n.\u00ba 56-A\/2021, de 6 de julho, a concessa\u0303o dos respetivos apoios, dando continuidade a\u0300s poli\u0301ticas prosseguidas na gesta\u0303o dos impactos da pandemia.<\/p>\n<p>Detalhamos, em tra\u00e7os gerais, o seu conte\u00fado <em>infra<\/em>:<\/p>\n<p><strong>1. Apoio extraordina\u0301rio a\u0300 retoma progressiva<\/strong><\/p>\n<ul>\n<li>Inicialmente regulado pelo Decreto-Lei n.\u00ba 46-A\/2020, de 30 de junho;<\/li>\n<li>\u00c9 agora objeto de prorroga\u00e7\u00e3o, porquanto se revelou um instrumento fundamental de resposta a\u0300s dificuldades econo\u0301micas causadas pela pandemia da doenc\u0327a COVID-19 e a\u0300 manutenc\u0327a\u0303o dos postos de trabalho;<\/li>\n<li>Prorroga\u00e7\u00e3o da possibilidade de as empresas com quebra de faturac\u0327a\u0303o igual ou superior a 75 % continuarem a poder reduzir o per\u00edodo normal de trabalho (adiante abreviadamente designado por \u201cPNT\u201d) dos seus trabalhadores ate\u0301 ao ma\u0301ximo de 100 % durante os meses de julho e agosto de 2021;<\/li>\n<li>Em alternativa, pode ser abrangida a totalidade dos trabalhadores ao servic\u0327o do empregador, se a reduc\u0327a\u0303o do PNT for no ma\u0301ximo de 75 %;<\/li>\n<li>Tal reduc\u0327a\u0303o do PNT esta\u0301 limitada ate\u0301 75 % dos trabalhadores (exce\u00e7\u00e3o: bares, discotecas, parques recreativos e fornecimento ou montagem de eventos \u2013 nestes poder\u00e1 chegar aos 100%);<\/li>\n<li>As percentagens de trabalhadores acima indicadas s\u00e3o aferidas pela declarac\u0327a\u0303o de remunerac\u0327o\u0303es do me\u0302s correspondente.<\/li>\n<\/ul>\n<p><strong>2. Apoio extraordina\u0301rio a\u0300 reduc\u0327a\u0303o da atividade econo\u0301mica<\/strong><\/p>\n<ul>\n<li>Prorroga\u00e7\u00e3o at\u00e9 31 de agosto de 2021, da possibilidade de acesso ao Apoio Extraordin\u00e1rio \u00e0 redu\u00e7\u00e3o da atividade econ\u00f3mica para trabalhadores independentes, empresa\u0301rios em nome individual (ENI), com e sem contabilidade organizada e independentemente de terem trabalhadores a cargo, gerentes, membros de o\u0301rga\u0303os estatuta\u0301rios com func\u0327o\u0303es de direc\u0327a\u0303o, cujas atividades tenham sido suspensas ou encerradas;<\/li>\n<li>Recurso adicional ao apoio pelo peri\u0301odo da suspensa\u0303o de atividades ou encerramento de instalac\u0327o\u0303es e estabelecimentos por determinac\u0327a\u0303o legislativa ou administrativa de fonte governamental, no contexto das medidas aplicadas no a\u0302mbito da pandemia da doenc\u0327a COVID-19;<\/li>\n<li>Abrange trabalhadores e profissionais cujas atividades se enquadrem no setor do turismo, cultura, eventos e espeta\u0301culos, as quais foram especialmente afetadas na seque\u0302ncia das medidas sanita\u0301rias adotadas a partir de janeiro de 2021;<\/li>\n<li>Repristinac\u0327a\u0303o pelo Decreto-Lei n.\u00ba 6-E\/2021, de 15 de janeiro, do artigo 26.\u00ba do Decreto-Lei n.\u00ba 10-A\/2020, de 13 de marc\u0327o e sua prorroga\u00e7\u00e3o ate\u0301 31 de agosto de 2021.<\/li>\n<\/ul>\n<p><strong>3. Subs\u00eddio de doen\u00e7a<\/strong><\/p>\n<ul>\n<li>Garantia de atribui\u00e7\u00e3o de apoio excecional a\u0300s situac\u0327o\u0303es de protec\u0327a\u0303o na eventualidade de doenc\u0327a provocada pela pandemia COVID-19 prorrogada ate\u0301 30 de setembro de 2021;<\/li>\n<li>Garantia do direito de acesso dos trabalhadores dependentes e independentes;<\/li>\n<li>O montante do subs\u00eddio de doen\u00e7a por COVID-19 corresponde a 100% da remunera\u00e7\u00e3o de refer\u00eancia l\u00edquida, sendo atribu\u00eddo por um per\u00edodo m\u00e1ximo de 28 dias, sem depend\u00eancia de qualquer per\u00edodo de espera.<\/li>\n<\/ul>\n<p><strong>4. Diplomas alterados<\/strong><\/p>\n<ul>\n<li>Decreto-Lei n.\u00ba 10-A\/2020, de 13 de marc\u0327o<\/li>\n<li>Decreto-Lei n.\u00ba 46-A\/2020, de 30 de julho<\/li>\n<li>Decreto-Lei n.\u00ba 6-E\/2021, de 15 de janeiro<\/li>\n<li>Decreto-Lei n.\u00ba 23-A\/2021, de 24 de marc\u0327o<\/li>\n<\/ul>\n<p><strong>5. Reavalia\u00e7\u00e3o governamental <\/strong><\/p>\n<ul>\n<li>O Governo avaliar\u00e1, no me\u0302s de agosto de 2021, a evoluc\u0327a\u0303o da situac\u0327a\u0303o pande\u0301mica e da atividade econo\u0301mica, procedendo ao ajustamento das medidas em func\u0327a\u0303o das respetivas concluso\u0303es.<\/li>\n<\/ul>\n<p><strong>6. <\/strong><strong>Constitui\u00e7\u00e3o de novos v\u00ednculos de emprego a termo resolutivo incerto (Despacho n.\u00ba 6698\/2021, de 8 de Julho)<\/strong><\/p>\n<ul>\n<li>Com o objetivo de continuar a assegurar que a capacidade resposta do SNS permite-se, agora, a constituic\u0327a\u0303o das mencionadas relac\u0327o\u0303es juri\u0301dicas at\u00e9 31 de agosto de 2021 (\u00e9 permitida a constituic\u0327a\u0303o de novo vi\u0301nculo de emprego a termo resolutivo incerto, com profissionais de sau\u0301de com contrato de trabalho a termo resolutivo certo ou incerto, em execuc\u0327a\u0303o a 30 de junho de 2021, celebrado ao abrigo do regime excecional previsto no normativo acima identificado);<\/li>\n<li>Atrav\u00e9s do supracitado Despacho, \u00e9 aprovada a delega\u00e7\u00e3o, nos dirigentes ma\u0301ximos do Ministe\u0301rio da Sau\u0301de, da compete\u0302ncia para proceder a\u0300 constituic\u0327a\u0303o de novo vi\u0301nculo de emprego a termo resolutivo incerto nas situac\u0327o\u0303es em que esteja em causa a contratac\u0327a\u0303o de trabalhadores anteriormente vinculados a\u0300 mesma entidade;<\/li>\n<li>Implementa\u00e7\u00e3o: via aprova\u00e7\u00e3o de regime excecional para contratac\u0327a\u0303o de trabalhadores, mediante celebrac\u0327a\u0303o de contratos de trabalho a termo resolutivo, inicialmente a termo certo e posteriormente a termo incerto, conforme previsto no n.\u00ba 3 do artigo 6.\u00ba do Decreto-Lei n.\u00ba 10-A\/2020, de 13 de marc\u0327o, na sua redac\u0327a\u0303o atual;<\/li>\n<li>Diploma vigente desde 1 de Julho de 2021.<\/li>\n<\/ul>\n<p>&nbsp;<\/p>\n<hr>\n<p><a href=\"https:\/\/smfc.pt\/equipa\/graca-quintas\/\">Gra\u00e7a Quintas<\/a><br \/>\n<em>Head of Employment Law<\/em><br \/>\n<em>Coordenadora do Departamento de Laboral<\/em><\/p>\n<p><a href=\"https:\/\/smfc.pt\/equipa\/luisa-pestana-bastos\/\">Lu\u00edsa Pestana Bastos<\/a><br \/>\n<em>Advogada Associada do Departamento de Laboral<\/em><\/p>\n","protected":false},"excerpt":{"rendered":"<p>Muito embora j\u00e1 na\u0303o vigore o estado de emerge\u0302ncia, atento o facto de ainda existirem atividades suspensas e estabelecimentos ou [&hellip;]<\/p>\n","protected":false},"author":3,"featured_media":80690,"comment_status":"closed","ping_status":"closed","sticky":false,"template":"single\/single-cat-covid19.php","format":"standard","meta":{"footnotes":""},"categories":[135,155,158],"tags":[],"class_list":["post-82483","post","type-post","status-publish","format-standard","has-post-thumbnail","hentry","category-news","category-labour","category-covid-19"],"yoast_head":"<!-- This site is optimized with the Yoast SEO plugin v27.5 - https:\/\/yoast.com\/product\/yoast-seo-wordpress\/ -->\n<title>Medidas extraordina\u0301rias de apoio \/ COVID-19 (Prorroga\u00e7\u00e3o) - Sousa Machado, Ferreira da Costa &amp; Associados<\/title>\n<meta name=\"robots\" content=\"index, follow, max-snippet:-1, max-image-preview:large, max-video-preview:-1\" \/>\n<link rel=\"canonical\" href=\"https:\/\/smfc.pt\/en\/medidas-extraordinarias-de-apoio-covid-19-prorrogacao\/\" \/>\n<meta property=\"og:locale\" content=\"en_US\" \/>\n<meta property=\"og:type\" content=\"article\" \/>\n<meta property=\"og:title\" content=\"Medidas extraordina\u0301rias de apoio \/ COVID-19 (Prorroga\u00e7\u00e3o) - Sousa Machado, Ferreira da Costa &amp; Associados\" \/>\n<meta property=\"og:description\" content=\"Muito embora j\u00e1 na\u0303o vigore o estado de emerge\u0302ncia, atento o facto de ainda existirem atividades suspensas e estabelecimentos ou [&hellip;]\" \/>\n<meta property=\"og:url\" content=\"https:\/\/smfc.pt\/en\/medidas-extraordinarias-de-apoio-covid-19-prorrogacao\/\" \/>\n<meta property=\"og:site_name\" content=\"Sousa Machado, Ferreira da Costa &amp; Associados\" \/>\n<meta property=\"article:published_time\" content=\"2021-07-13T12:42:47+00:00\" \/>\n<meta property=\"og:image\" content=\"https:\/\/smfc.pt\/wp-content\/uploads\/covid-19.jpg\" \/>\n\t<meta property=\"og:image:width\" content=\"4000\" \/>\n\t<meta property=\"og:image:height\" content=\"2110\" \/>\n\t<meta property=\"og:image:type\" content=\"image\/jpeg\" \/>\n<meta name=\"author\" content=\"editor\" \/>\n<meta name=\"twitter:card\" content=\"summary_large_image\" \/>\n<meta name=\"twitter:label1\" content=\"Written by\" \/>\n\t<meta name=\"twitter:data1\" content=\"editor\" \/>\n\t<meta name=\"twitter:label2\" content=\"Est. reading time\" \/>\n\t<meta name=\"twitter:data2\" content=\"4 minutes\" \/>\n<script type=\"application\/ld+json\" class=\"yoast-schema-graph\">{\"@context\":\"https:\\\/\\\/schema.org\",\"@graph\":[{\"@type\":\"Article\",\"@id\":\"https:\\\/\\\/smfc.pt\\\/en\\\/medidas-extraordinarias-de-apoio-covid-19-prorrogacao\\\/#article\",\"isPartOf\":{\"@id\":\"https:\\\/\\\/smfc.pt\\\/en\\\/medidas-extraordinarias-de-apoio-covid-19-prorrogacao\\\/\"},\"author\":{\"name\":\"editor\",\"@id\":\"https:\\\/\\\/smfc.pt\\\/en\\\/#\\\/schema\\\/person\\\/ee9816ebdf6fae2117ca3f58337a3778\"},\"headline\":\"Medidas extraordina\u0301rias de apoio \\\/ COVID-19 (Prorroga\u00e7\u00e3o)\",\"datePublished\":\"2021-07-13T12:42:47+00:00\",\"mainEntityOfPage\":{\"@id\":\"https:\\\/\\\/smfc.pt\\\/en\\\/medidas-extraordinarias-de-apoio-covid-19-prorrogacao\\\/\"},\"wordCount\":833,\"publisher\":{\"@id\":\"https:\\\/\\\/smfc.pt\\\/en\\\/#organization\"},\"image\":{\"@id\":\"https:\\\/\\\/smfc.pt\\\/en\\\/medidas-extraordinarias-de-apoio-covid-19-prorrogacao\\\/#primaryimage\"},\"thumbnailUrl\":\"https:\\\/\\\/smfc.pt\\\/wp-content\\\/uploads\\\/covid-19.jpg\",\"articleSection\":[\"News\",\"Labour\",\"Covid-19\"],\"inLanguage\":\"en-US\"},{\"@type\":\"WebPage\",\"@id\":\"https:\\\/\\\/smfc.pt\\\/en\\\/medidas-extraordinarias-de-apoio-covid-19-prorrogacao\\\/\",\"url\":\"https:\\\/\\\/smfc.pt\\\/en\\\/medidas-extraordinarias-de-apoio-covid-19-prorrogacao\\\/\",\"name\":\"Medidas extraordina\u0301rias de apoio \\\/ COVID-19 (Prorroga\u00e7\u00e3o) - Sousa Machado, Ferreira da Costa & Associados\",\"isPartOf\":{\"@id\":\"https:\\\/\\\/smfc.pt\\\/en\\\/#website\"},\"primaryImageOfPage\":{\"@id\":\"https:\\\/\\\/smfc.pt\\\/en\\\/medidas-extraordinarias-de-apoio-covid-19-prorrogacao\\\/#primaryimage\"},\"image\":{\"@id\":\"https:\\\/\\\/smfc.pt\\\/en\\\/medidas-extraordinarias-de-apoio-covid-19-prorrogacao\\\/#primaryimage\"},\"thumbnailUrl\":\"https:\\\/\\\/smfc.pt\\\/wp-content\\\/uploads\\\/covid-19.jpg\",\"datePublished\":\"2021-07-13T12:42:47+00:00\",\"breadcrumb\":{\"@id\":\"https:\\\/\\\/smfc.pt\\\/en\\\/medidas-extraordinarias-de-apoio-covid-19-prorrogacao\\\/#breadcrumb\"},\"inLanguage\":\"en-US\",\"potentialAction\":[{\"@type\":\"ReadAction\",\"target\":[\"https:\\\/\\\/smfc.pt\\\/en\\\/medidas-extraordinarias-de-apoio-covid-19-prorrogacao\\\/\"]}]},{\"@type\":\"ImageObject\",\"inLanguage\":\"en-US\",\"@id\":\"https:\\\/\\\/smfc.pt\\\/en\\\/medidas-extraordinarias-de-apoio-covid-19-prorrogacao\\\/#primaryimage\",\"url\":\"https:\\\/\\\/smfc.pt\\\/wp-content\\\/uploads\\\/covid-19.jpg\",\"contentUrl\":\"https:\\\/\\\/smfc.pt\\\/wp-content\\\/uploads\\\/covid-19.jpg\",\"width\":4000,\"height\":2110},{\"@type\":\"BreadcrumbList\",\"@id\":\"https:\\\/\\\/smfc.pt\\\/en\\\/medidas-extraordinarias-de-apoio-covid-19-prorrogacao\\\/#breadcrumb\",\"itemListElement\":[{\"@type\":\"ListItem\",\"position\":1,\"name\":\"In\u00edcio\",\"item\":\"https:\\\/\\\/smfc.pt\\\/en\\\/smfc\\\/\"},{\"@type\":\"ListItem\",\"position\":2,\"name\":\"Medidas extraordina\u0301rias de apoio \\\/ COVID-19 (Prorroga\u00e7\u00e3o)\"}]},{\"@type\":\"WebSite\",\"@id\":\"https:\\\/\\\/smfc.pt\\\/en\\\/#website\",\"url\":\"https:\\\/\\\/smfc.pt\\\/en\\\/\",\"name\":\"Sousa Machado, Ferreira da Costa & Associados\",\"description\":\"Sociedade de Advogados, RL\",\"publisher\":{\"@id\":\"https:\\\/\\\/smfc.pt\\\/en\\\/#organization\"},\"alternateName\":\"Sociedade de Advogados, RL\",\"potentialAction\":[{\"@type\":\"SearchAction\",\"target\":{\"@type\":\"EntryPoint\",\"urlTemplate\":\"https:\\\/\\\/smfc.pt\\\/en\\\/?s={search_term_string}\"},\"query-input\":{\"@type\":\"PropertyValueSpecification\",\"valueRequired\":true,\"valueName\":\"search_term_string\"}}],\"inLanguage\":\"en-US\"},{\"@type\":\"Organization\",\"@id\":\"https:\\\/\\\/smfc.pt\\\/en\\\/#organization\",\"name\":\"Sousa Machado, Ferreira da Costa & Associados\",\"alternateName\":\"Sociedade de Advogados, RL\",\"url\":\"https:\\\/\\\/smfc.pt\\\/en\\\/\",\"logo\":{\"@type\":\"ImageObject\",\"inLanguage\":\"en-US\",\"@id\":\"https:\\\/\\\/smfc.pt\\\/en\\\/#\\\/schema\\\/logo\\\/image\\\/\",\"url\":\"https:\\\/\\\/smfc.pt\\\/wp-content\\\/uploads\\\/Logo-completo.png\",\"contentUrl\":\"https:\\\/\\\/smfc.pt\\\/wp-content\\\/uploads\\\/Logo-completo.png\",\"width\":300,\"height\":300,\"caption\":\"Sousa Machado, Ferreira da Costa & Associados\"},\"image\":{\"@id\":\"https:\\\/\\\/smfc.pt\\\/en\\\/#\\\/schema\\\/logo\\\/image\\\/\"},\"sameAs\":[\"https:\\\/\\\/www.linkedin.com\\\/company\\\/smfc-sousa-machado-ferreira-da-costa-associados\\\/\"]},{\"@type\":\"Person\",\"@id\":\"https:\\\/\\\/smfc.pt\\\/en\\\/#\\\/schema\\\/person\\\/ee9816ebdf6fae2117ca3f58337a3778\",\"name\":\"editor\",\"image\":{\"@type\":\"ImageObject\",\"inLanguage\":\"en-US\",\"@id\":\"https:\\\/\\\/secure.gravatar.com\\\/avatar\\\/5ba99aa334392f60c04700a91d9615c4c1a130758f75b5440579629a2b06ad42?s=96&d=mm&r=g\",\"url\":\"https:\\\/\\\/secure.gravatar.com\\\/avatar\\\/5ba99aa334392f60c04700a91d9615c4c1a130758f75b5440579629a2b06ad42?s=96&d=mm&r=g\",\"contentUrl\":\"https:\\\/\\\/secure.gravatar.com\\\/avatar\\\/5ba99aa334392f60c04700a91d9615c4c1a130758f75b5440579629a2b06ad42?s=96&d=mm&r=g\",\"caption\":\"editor\"},\"url\":\"https:\\\/\\\/smfc.pt\\\/en\\\/author\\\/editor\\\/\"}]}<\/script>\n<!-- \/ Yoast SEO plugin. -->","yoast_head_json":{"title":"Medidas extraordina\u0301rias de apoio \/ COVID-19 (Prorroga\u00e7\u00e3o) - Sousa Machado, Ferreira da Costa & Associados","robots":{"index":"index","follow":"follow","max-snippet":"max-snippet:-1","max-image-preview":"max-image-preview:large","max-video-preview":"max-video-preview:-1"},"canonical":"https:\/\/smfc.pt\/en\/medidas-extraordinarias-de-apoio-covid-19-prorrogacao\/","og_locale":"en_US","og_type":"article","og_title":"Medidas extraordina\u0301rias de apoio \/ COVID-19 (Prorroga\u00e7\u00e3o) - Sousa Machado, Ferreira da Costa & Associados","og_description":"Muito embora j\u00e1 na\u0303o vigore o estado de emerge\u0302ncia, atento o facto de ainda existirem atividades suspensas e estabelecimentos ou [&hellip;]","og_url":"https:\/\/smfc.pt\/en\/medidas-extraordinarias-de-apoio-covid-19-prorrogacao\/","og_site_name":"Sousa Machado, Ferreira da Costa & Associados","article_published_time":"2021-07-13T12:42:47+00:00","og_image":[{"width":4000,"height":2110,"url":"https:\/\/smfc.pt\/wp-content\/uploads\/covid-19.jpg","type":"image\/jpeg"}],"author":"editor","twitter_card":"summary_large_image","twitter_misc":{"Written by":"editor","Est. reading time":"4 minutes"},"schema":{"@context":"https:\/\/schema.org","@graph":[{"@type":"Article","@id":"https:\/\/smfc.pt\/en\/medidas-extraordinarias-de-apoio-covid-19-prorrogacao\/#article","isPartOf":{"@id":"https:\/\/smfc.pt\/en\/medidas-extraordinarias-de-apoio-covid-19-prorrogacao\/"},"author":{"name":"editor","@id":"https:\/\/smfc.pt\/en\/#\/schema\/person\/ee9816ebdf6fae2117ca3f58337a3778"},"headline":"Medidas extraordina\u0301rias de apoio \/ COVID-19 (Prorroga\u00e7\u00e3o)","datePublished":"2021-07-13T12:42:47+00:00","mainEntityOfPage":{"@id":"https:\/\/smfc.pt\/en\/medidas-extraordinarias-de-apoio-covid-19-prorrogacao\/"},"wordCount":833,"publisher":{"@id":"https:\/\/smfc.pt\/en\/#organization"},"image":{"@id":"https:\/\/smfc.pt\/en\/medidas-extraordinarias-de-apoio-covid-19-prorrogacao\/#primaryimage"},"thumbnailUrl":"https:\/\/smfc.pt\/wp-content\/uploads\/covid-19.jpg","articleSection":["News","Labour","Covid-19"],"inLanguage":"en-US"},{"@type":"WebPage","@id":"https:\/\/smfc.pt\/en\/medidas-extraordinarias-de-apoio-covid-19-prorrogacao\/","url":"https:\/\/smfc.pt\/en\/medidas-extraordinarias-de-apoio-covid-19-prorrogacao\/","name":"Medidas extraordina\u0301rias de apoio \/ COVID-19 (Prorroga\u00e7\u00e3o) - Sousa Machado, Ferreira da Costa & Associados","isPartOf":{"@id":"https:\/\/smfc.pt\/en\/#website"},"primaryImageOfPage":{"@id":"https:\/\/smfc.pt\/en\/medidas-extraordinarias-de-apoio-covid-19-prorrogacao\/#primaryimage"},"image":{"@id":"https:\/\/smfc.pt\/en\/medidas-extraordinarias-de-apoio-covid-19-prorrogacao\/#primaryimage"},"thumbnailUrl":"https:\/\/smfc.pt\/wp-content\/uploads\/covid-19.jpg","datePublished":"2021-07-13T12:42:47+00:00","breadcrumb":{"@id":"https:\/\/smfc.pt\/en\/medidas-extraordinarias-de-apoio-covid-19-prorrogacao\/#breadcrumb"},"inLanguage":"en-US","potentialAction":[{"@type":"ReadAction","target":["https:\/\/smfc.pt\/en\/medidas-extraordinarias-de-apoio-covid-19-prorrogacao\/"]}]},{"@type":"ImageObject","inLanguage":"en-US","@id":"https:\/\/smfc.pt\/en\/medidas-extraordinarias-de-apoio-covid-19-prorrogacao\/#primaryimage","url":"https:\/\/smfc.pt\/wp-content\/uploads\/covid-19.jpg","contentUrl":"https:\/\/smfc.pt\/wp-content\/uploads\/covid-19.jpg","width":4000,"height":2110},{"@type":"BreadcrumbList","@id":"https:\/\/smfc.pt\/en\/medidas-extraordinarias-de-apoio-covid-19-prorrogacao\/#breadcrumb","itemListElement":[{"@type":"ListItem","position":1,"name":"In\u00edcio","item":"https:\/\/smfc.pt\/en\/smfc\/"},{"@type":"ListItem","position":2,"name":"Medidas extraordina\u0301rias de apoio \/ COVID-19 (Prorroga\u00e7\u00e3o)"}]},{"@type":"WebSite","@id":"https:\/\/smfc.pt\/en\/#website","url":"https:\/\/smfc.pt\/en\/","name":"Sousa Machado, Ferreira da Costa & Associados","description":"Sociedade de Advogados, RL","publisher":{"@id":"https:\/\/smfc.pt\/en\/#organization"},"alternateName":"Sociedade de Advogados, RL","potentialAction":[{"@type":"SearchAction","target":{"@type":"EntryPoint","urlTemplate":"https:\/\/smfc.pt\/en\/?s={search_term_string}"},"query-input":{"@type":"PropertyValueSpecification","valueRequired":true,"valueName":"search_term_string"}}],"inLanguage":"en-US"},{"@type":"Organization","@id":"https:\/\/smfc.pt\/en\/#organization","name":"Sousa Machado, Ferreira da Costa & Associados","alternateName":"Sociedade de Advogados, RL","url":"https:\/\/smfc.pt\/en\/","logo":{"@type":"ImageObject","inLanguage":"en-US","@id":"https:\/\/smfc.pt\/en\/#\/schema\/logo\/image\/","url":"https:\/\/smfc.pt\/wp-content\/uploads\/Logo-completo.png","contentUrl":"https:\/\/smfc.pt\/wp-content\/uploads\/Logo-completo.png","width":300,"height":300,"caption":"Sousa Machado, Ferreira da Costa & Associados"},"image":{"@id":"https:\/\/smfc.pt\/en\/#\/schema\/logo\/image\/"},"sameAs":["https:\/\/www.linkedin.com\/company\/smfc-sousa-machado-ferreira-da-costa-associados\/"]},{"@type":"Person","@id":"https:\/\/smfc.pt\/en\/#\/schema\/person\/ee9816ebdf6fae2117ca3f58337a3778","name":"editor","image":{"@type":"ImageObject","inLanguage":"en-US","@id":"https:\/\/secure.gravatar.com\/avatar\/5ba99aa334392f60c04700a91d9615c4c1a130758f75b5440579629a2b06ad42?s=96&d=mm&r=g","url":"https:\/\/secure.gravatar.com\/avatar\/5ba99aa334392f60c04700a91d9615c4c1a130758f75b5440579629a2b06ad42?s=96&d=mm&r=g","contentUrl":"https:\/\/secure.gravatar.com\/avatar\/5ba99aa334392f60c04700a91d9615c4c1a130758f75b5440579629a2b06ad42?s=96&d=mm&r=g","caption":"editor"},"url":"https:\/\/smfc.pt\/en\/author\/editor\/"}]}},"_links":{"self":[{"href":"https:\/\/smfc.pt\/en\/wp-json\/wp\/v2\/posts\/82483","targetHints":{"allow":["GET"]}}],"collection":[{"href":"https:\/\/smfc.pt\/en\/wp-json\/wp\/v2\/posts"}],"about":[{"href":"https:\/\/smfc.pt\/en\/wp-json\/wp\/v2\/types\/post"}],"author":[{"embeddable":true,"href":"https:\/\/smfc.pt\/en\/wp-json\/wp\/v2\/users\/3"}],"replies":[{"embeddable":true,"href":"https:\/\/smfc.pt\/en\/wp-json\/wp\/v2\/comments?post=82483"}],"version-history":[{"count":0,"href":"https:\/\/smfc.pt\/en\/wp-json\/wp\/v2\/posts\/82483\/revisions"}],"wp:featuredmedia":[{"embeddable":true,"href":"https:\/\/smfc.pt\/en\/wp-json\/wp\/v2\/media\/80690"}],"wp:attachment":[{"href":"https:\/\/smfc.pt\/en\/wp-json\/wp\/v2\/media?parent=82483"}],"wp:term":[{"taxonomy":"category","embeddable":true,"href":"https:\/\/smfc.pt\/en\/wp-json\/wp\/v2\/categories?post=82483"},{"taxonomy":"post_tag","embeddable":true,"href":"https:\/\/smfc.pt\/en\/wp-json\/wp\/v2\/tags?post=82483"}],"curies":[{"name":"wp","href":"https:\/\/api.w.org\/{rel}","templated":true}]}}