{"id":82470,"date":"2021-12-14T20:46:44","date_gmt":"2021-12-14T20:46:44","guid":{"rendered":"https:\/\/smfc.pt\/atualizacao-do-valor-do-ias-para-2022\/"},"modified":"2021-12-14T20:46:44","modified_gmt":"2021-12-14T20:46:44","slug":"atualizacao-do-valor-do-ias-para-2022","status":"publish","type":"post","link":"https:\/\/smfc.pt\/en\/atualizacao-do-valor-do-ias-para-2022\/","title":{"rendered":"Atualiza\u00e7\u00e3o do valor do IAS para 2022"},"content":{"rendered":"<p>No dia 13 de Dezembro, foi publicada a Portaria n.\u00ba 294\/2021, que procede \u00e0 atualiza\u00e7\u00e3o anual do valor do indexante dos apoios sociais (IAS) para 2022.<\/p>\n<p>Assim, no ano de 2022, o valor do IAS passar\u00e1 a ser de \u20ac443,20.<\/p>\n<p>O IAS consiste no valor de refer\u00eancia para o c\u00e1lculo das contribui\u00e7\u00f5es dos trabalhadores, bem como para o c\u00e1lculo de pens\u00f5es de v\u00e1rios apoios sociais, pelo que a sua atualiza\u00e7\u00e3o ter\u00e1 impacto na atualiza\u00e7\u00e3o de v\u00e1rias presta\u00e7\u00f5es sociais.<\/p>\n<p>&nbsp;<\/p>\n<hr>\n<p><a href=\"https:\/\/smfc.pt\/equipa\/luisa-pestana-bastos\/\">Lu\u00edsa Pestana Bastos<\/a><br \/>\n<em>Advogada Associada do Departamento de Laboral<\/em><\/p>\n","protected":false},"excerpt":{"rendered":"<p>No dia 13 de Dezembro, foi publicada a Portaria n.\u00ba 294\/2021, que procede \u00e0 atualiza\u00e7\u00e3o anual do valor do indexante [&hellip;]<\/p>\n","protected":false},"author":3,"featured_media":80370,"comment_status":"closed","ping_status":"closed","sticky":false,"template":"","format":"standard","meta":{"footnotes":""},"categories":[135,155],"tags":[],"class_list":["post-82470","post","type-post","status-publish","format-standard","has-post-thumbnail","hentry","category-news","category-labour"],"yoast_head":"<!-- This site is optimized with the Yoast SEO plugin v27.5 - https:\/\/yoast.com\/product\/yoast-seo-wordpress\/ -->\n<title>Atualiza\u00e7\u00e3o do valor do IAS para 2022 - Sousa Machado, Ferreira da Costa &amp; Associados<\/title>\n<meta name=\"robots\" content=\"index, follow, max-snippet:-1, max-image-preview:large, max-video-preview:-1\" \/>\n<link rel=\"canonical\" href=\"https:\/\/smfc.pt\/en\/atualizacao-do-valor-do-ias-para-2022\/\" \/>\n<meta property=\"og:locale\" content=\"en_US\" \/>\n<meta property=\"og:type\" content=\"article\" \/>\n<meta property=\"og:title\" content=\"Atualiza\u00e7\u00e3o do valor do IAS para 2022 - Sousa Machado, Ferreira da Costa &amp; Associados\" \/>\n<meta property=\"og:description\" content=\"No dia 13 de Dezembro, foi publicada a Portaria n.\u00ba 294\/2021, que procede \u00e0 atualiza\u00e7\u00e3o anual do valor do indexante [&hellip;]\" \/>\n<meta property=\"og:url\" content=\"https:\/\/smfc.pt\/en\/atualizacao-do-valor-do-ias-para-2022\/\" \/>\n<meta property=\"og:site_name\" content=\"Sousa Machado, Ferreira da Costa &amp; Associados\" \/>\n<meta property=\"article:published_time\" content=\"2021-12-14T20:46:44+00:00\" \/>\n<meta property=\"og:image\" content=\"https:\/\/smfc.pt\/wp-content\/uploads\/Laboral-e-Seg_1.jpg\" \/>\n\t<meta property=\"og:image:width\" content=\"4000\" \/>\n\t<meta property=\"og:image:height\" content=\"2000\" \/>\n\t<meta property=\"og:image:type\" content=\"image\/jpeg\" \/>\n<meta name=\"author\" content=\"editor\" \/>\n<meta name=\"twitter:card\" content=\"summary_large_image\" \/>\n<meta name=\"twitter:label1\" content=\"Written by\" \/>\n\t<meta name=\"twitter:data1\" content=\"editor\" \/>\n<script type=\"application\/ld+json\" class=\"yoast-schema-graph\">{\"@context\":\"https:\\\/\\\/schema.org\",\"@graph\":[{\"@type\":\"Article\",\"@id\":\"https:\\\/\\\/smfc.pt\\\/en\\\/atualizacao-do-valor-do-ias-para-2022\\\/#article\",\"isPartOf\":{\"@id\":\"https:\\\/\\\/smfc.pt\\\/en\\\/atualizacao-do-valor-do-ias-para-2022\\\/\"},\"author\":{\"name\":\"editor\",\"@id\":\"https:\\\/\\\/smfc.pt\\\/en\\\/#\\\/schema\\\/person\\\/ee9816ebdf6fae2117ca3f58337a3778\"},\"headline\":\"Atualiza\u00e7\u00e3o do valor do IAS para 2022\",\"datePublished\":\"2021-12-14T20:46:44+00:00\",\"mainEntityOfPage\":{\"@id\":\"https:\\\/\\\/smfc.pt\\\/en\\\/atualizacao-do-valor-do-ias-para-2022\\\/\"},\"wordCount\":101,\"publisher\":{\"@id\":\"https:\\\/\\\/smfc.pt\\\/en\\\/#organization\"},\"image\":{\"@id\":\"https:\\\/\\\/smfc.pt\\\/en\\\/atualizacao-do-valor-do-ias-para-2022\\\/#primaryimage\"},\"thumbnailUrl\":\"https:\\\/\\\/smfc.pt\\\/wp-content\\\/uploads\\\/Laboral-e-Seg_1.jpg\",\"articleSection\":[\"News\",\"Labour\"],\"inLanguage\":\"en-US\"},{\"@type\":\"WebPage\",\"@id\":\"https:\\\/\\\/smfc.pt\\\/en\\\/atualizacao-do-valor-do-ias-para-2022\\\/\",\"url\":\"https:\\\/\\\/smfc.pt\\\/en\\\/atualizacao-do-valor-do-ias-para-2022\\\/\",\"name\":\"Atualiza\u00e7\u00e3o do valor do IAS para 2022 - Sousa Machado, Ferreira da Costa & Associados\",\"isPartOf\":{\"@id\":\"https:\\\/\\\/smfc.pt\\\/en\\\/#website\"},\"primaryImageOfPage\":{\"@id\":\"https:\\\/\\\/smfc.pt\\\/en\\\/atualizacao-do-valor-do-ias-para-2022\\\/#primaryimage\"},\"image\":{\"@id\":\"https:\\\/\\\/smfc.pt\\\/en\\\/atualizacao-do-valor-do-ias-para-2022\\\/#primaryimage\"},\"thumbnailUrl\":\"https:\\\/\\\/smfc.pt\\\/wp-content\\\/uploads\\\/Laboral-e-Seg_1.jpg\",\"datePublished\":\"2021-12-14T20:46:44+00:00\",\"breadcrumb\":{\"@id\":\"https:\\\/\\\/smfc.pt\\\/en\\\/atualizacao-do-valor-do-ias-para-2022\\\/#breadcrumb\"},\"inLanguage\":\"en-US\",\"potentialAction\":[{\"@type\":\"ReadAction\",\"target\":[\"https:\\\/\\\/smfc.pt\\\/en\\\/atualizacao-do-valor-do-ias-para-2022\\\/\"]}]},{\"@type\":\"ImageObject\",\"inLanguage\":\"en-US\",\"@id\":\"https:\\\/\\\/smfc.pt\\\/en\\\/atualizacao-do-valor-do-ias-para-2022\\\/#primaryimage\",\"url\":\"https:\\\/\\\/smfc.pt\\\/wp-content\\\/uploads\\\/Laboral-e-Seg_1.jpg\",\"contentUrl\":\"https:\\\/\\\/smfc.pt\\\/wp-content\\\/uploads\\\/Laboral-e-Seg_1.jpg\",\"width\":4000,\"height\":2000},{\"@type\":\"BreadcrumbList\",\"@id\":\"https:\\\/\\\/smfc.pt\\\/en\\\/atualizacao-do-valor-do-ias-para-2022\\\/#breadcrumb\",\"itemListElement\":[{\"@type\":\"ListItem\",\"position\":1,\"name\":\"In\u00edcio\",\"item\":\"https:\\\/\\\/smfc.pt\\\/en\\\/smfc\\\/\"},{\"@type\":\"ListItem\",\"position\":2,\"name\":\"Atualiza\u00e7\u00e3o do valor do IAS para 2022\"}]},{\"@type\":\"WebSite\",\"@id\":\"https:\\\/\\\/smfc.pt\\\/en\\\/#website\",\"url\":\"https:\\\/\\\/smfc.pt\\\/en\\\/\",\"name\":\"Sousa Machado, Ferreira da Costa & Associados\",\"description\":\"Sociedade de Advogados, RL\",\"publisher\":{\"@id\":\"https:\\\/\\\/smfc.pt\\\/en\\\/#organization\"},\"alternateName\":\"Sociedade de Advogados, RL\",\"potentialAction\":[{\"@type\":\"SearchAction\",\"target\":{\"@type\":\"EntryPoint\",\"urlTemplate\":\"https:\\\/\\\/smfc.pt\\\/en\\\/?s={search_term_string}\"},\"query-input\":{\"@type\":\"PropertyValueSpecification\",\"valueRequired\":true,\"valueName\":\"search_term_string\"}}],\"inLanguage\":\"en-US\"},{\"@type\":\"Organization\",\"@id\":\"https:\\\/\\\/smfc.pt\\\/en\\\/#organization\",\"name\":\"Sousa Machado, Ferreira da Costa & Associados\",\"alternateName\":\"Sociedade de Advogados, RL\",\"url\":\"https:\\\/\\\/smfc.pt\\\/en\\\/\",\"logo\":{\"@type\":\"ImageObject\",\"inLanguage\":\"en-US\",\"@id\":\"https:\\\/\\\/smfc.pt\\\/en\\\/#\\\/schema\\\/logo\\\/image\\\/\",\"url\":\"https:\\\/\\\/smfc.pt\\\/wp-content\\\/uploads\\\/Logo-completo.png\",\"contentUrl\":\"https:\\\/\\\/smfc.pt\\\/wp-content\\\/uploads\\\/Logo-completo.png\",\"width\":300,\"height\":300,\"caption\":\"Sousa Machado, Ferreira da Costa & Associados\"},\"image\":{\"@id\":\"https:\\\/\\\/smfc.pt\\\/en\\\/#\\\/schema\\\/logo\\\/image\\\/\"},\"sameAs\":[\"https:\\\/\\\/www.linkedin.com\\\/company\\\/smfc-sousa-machado-ferreira-da-costa-associados\\\/\"]},{\"@type\":\"Person\",\"@id\":\"https:\\\/\\\/smfc.pt\\\/en\\\/#\\\/schema\\\/person\\\/ee9816ebdf6fae2117ca3f58337a3778\",\"name\":\"editor\",\"image\":{\"@type\":\"ImageObject\",\"inLanguage\":\"en-US\",\"@id\":\"https:\\\/\\\/secure.gravatar.com\\\/avatar\\\/5ba99aa334392f60c04700a91d9615c4c1a130758f75b5440579629a2b06ad42?s=96&d=mm&r=g\",\"url\":\"https:\\\/\\\/secure.gravatar.com\\\/avatar\\\/5ba99aa334392f60c04700a91d9615c4c1a130758f75b5440579629a2b06ad42?s=96&d=mm&r=g\",\"contentUrl\":\"https:\\\/\\\/secure.gravatar.com\\\/avatar\\\/5ba99aa334392f60c04700a91d9615c4c1a130758f75b5440579629a2b06ad42?s=96&d=mm&r=g\",\"caption\":\"editor\"},\"url\":\"https:\\\/\\\/smfc.pt\\\/en\\\/author\\\/editor\\\/\"}]}<\/script>\n<!-- \/ Yoast SEO plugin. -->","yoast_head_json":{"title":"Atualiza\u00e7\u00e3o do valor do IAS para 2022 - Sousa Machado, Ferreira da Costa & Associados","robots":{"index":"index","follow":"follow","max-snippet":"max-snippet:-1","max-image-preview":"max-image-preview:large","max-video-preview":"max-video-preview:-1"},"canonical":"https:\/\/smfc.pt\/en\/atualizacao-do-valor-do-ias-para-2022\/","og_locale":"en_US","og_type":"article","og_title":"Atualiza\u00e7\u00e3o do valor do IAS para 2022 - Sousa Machado, Ferreira da Costa & Associados","og_description":"No dia 13 de Dezembro, foi publicada a Portaria n.\u00ba 294\/2021, que procede \u00e0 atualiza\u00e7\u00e3o anual do valor do indexante [&hellip;]","og_url":"https:\/\/smfc.pt\/en\/atualizacao-do-valor-do-ias-para-2022\/","og_site_name":"Sousa Machado, Ferreira da Costa & Associados","article_published_time":"2021-12-14T20:46:44+00:00","og_image":[{"width":4000,"height":2000,"url":"https:\/\/smfc.pt\/wp-content\/uploads\/Laboral-e-Seg_1.jpg","type":"image\/jpeg"}],"author":"editor","twitter_card":"summary_large_image","twitter_misc":{"Written by":"editor"},"schema":{"@context":"https:\/\/schema.org","@graph":[{"@type":"Article","@id":"https:\/\/smfc.pt\/en\/atualizacao-do-valor-do-ias-para-2022\/#article","isPartOf":{"@id":"https:\/\/smfc.pt\/en\/atualizacao-do-valor-do-ias-para-2022\/"},"author":{"name":"editor","@id":"https:\/\/smfc.pt\/en\/#\/schema\/person\/ee9816ebdf6fae2117ca3f58337a3778"},"headline":"Atualiza\u00e7\u00e3o do valor do IAS para 2022","datePublished":"2021-12-14T20:46:44+00:00","mainEntityOfPage":{"@id":"https:\/\/smfc.pt\/en\/atualizacao-do-valor-do-ias-para-2022\/"},"wordCount":101,"publisher":{"@id":"https:\/\/smfc.pt\/en\/#organization"},"image":{"@id":"https:\/\/smfc.pt\/en\/atualizacao-do-valor-do-ias-para-2022\/#primaryimage"},"thumbnailUrl":"https:\/\/smfc.pt\/wp-content\/uploads\/Laboral-e-Seg_1.jpg","articleSection":["News","Labour"],"inLanguage":"en-US"},{"@type":"WebPage","@id":"https:\/\/smfc.pt\/en\/atualizacao-do-valor-do-ias-para-2022\/","url":"https:\/\/smfc.pt\/en\/atualizacao-do-valor-do-ias-para-2022\/","name":"Atualiza\u00e7\u00e3o do valor do IAS para 2022 - Sousa Machado, Ferreira da Costa & Associados","isPartOf":{"@id":"https:\/\/smfc.pt\/en\/#website"},"primaryImageOfPage":{"@id":"https:\/\/smfc.pt\/en\/atualizacao-do-valor-do-ias-para-2022\/#primaryimage"},"image":{"@id":"https:\/\/smfc.pt\/en\/atualizacao-do-valor-do-ias-para-2022\/#primaryimage"},"thumbnailUrl":"https:\/\/smfc.pt\/wp-content\/uploads\/Laboral-e-Seg_1.jpg","datePublished":"2021-12-14T20:46:44+00:00","breadcrumb":{"@id":"https:\/\/smfc.pt\/en\/atualizacao-do-valor-do-ias-para-2022\/#breadcrumb"},"inLanguage":"en-US","potentialAction":[{"@type":"ReadAction","target":["https:\/\/smfc.pt\/en\/atualizacao-do-valor-do-ias-para-2022\/"]}]},{"@type":"ImageObject","inLanguage":"en-US","@id":"https:\/\/smfc.pt\/en\/atualizacao-do-valor-do-ias-para-2022\/#primaryimage","url":"https:\/\/smfc.pt\/wp-content\/uploads\/Laboral-e-Seg_1.jpg","contentUrl":"https:\/\/smfc.pt\/wp-content\/uploads\/Laboral-e-Seg_1.jpg","width":4000,"height":2000},{"@type":"BreadcrumbList","@id":"https:\/\/smfc.pt\/en\/atualizacao-do-valor-do-ias-para-2022\/#breadcrumb","itemListElement":[{"@type":"ListItem","position":1,"name":"In\u00edcio","item":"https:\/\/smfc.pt\/en\/smfc\/"},{"@type":"ListItem","position":2,"name":"Atualiza\u00e7\u00e3o do valor do IAS para 2022"}]},{"@type":"WebSite","@id":"https:\/\/smfc.pt\/en\/#website","url":"https:\/\/smfc.pt\/en\/","name":"Sousa Machado, Ferreira da Costa & Associados","description":"Sociedade de Advogados, RL","publisher":{"@id":"https:\/\/smfc.pt\/en\/#organization"},"alternateName":"Sociedade de Advogados, RL","potentialAction":[{"@type":"SearchAction","target":{"@type":"EntryPoint","urlTemplate":"https:\/\/smfc.pt\/en\/?s={search_term_string}"},"query-input":{"@type":"PropertyValueSpecification","valueRequired":true,"valueName":"search_term_string"}}],"inLanguage":"en-US"},{"@type":"Organization","@id":"https:\/\/smfc.pt\/en\/#organization","name":"Sousa Machado, Ferreira da Costa & Associados","alternateName":"Sociedade de Advogados, RL","url":"https:\/\/smfc.pt\/en\/","logo":{"@type":"ImageObject","inLanguage":"en-US","@id":"https:\/\/smfc.pt\/en\/#\/schema\/logo\/image\/","url":"https:\/\/smfc.pt\/wp-content\/uploads\/Logo-completo.png","contentUrl":"https:\/\/smfc.pt\/wp-content\/uploads\/Logo-completo.png","width":300,"height":300,"caption":"Sousa Machado, Ferreira da Costa & Associados"},"image":{"@id":"https:\/\/smfc.pt\/en\/#\/schema\/logo\/image\/"},"sameAs":["https:\/\/www.linkedin.com\/company\/smfc-sousa-machado-ferreira-da-costa-associados\/"]},{"@type":"Person","@id":"https:\/\/smfc.pt\/en\/#\/schema\/person\/ee9816ebdf6fae2117ca3f58337a3778","name":"editor","image":{"@type":"ImageObject","inLanguage":"en-US","@id":"https:\/\/secure.gravatar.com\/avatar\/5ba99aa334392f60c04700a91d9615c4c1a130758f75b5440579629a2b06ad42?s=96&d=mm&r=g","url":"https:\/\/secure.gravatar.com\/avatar\/5ba99aa334392f60c04700a91d9615c4c1a130758f75b5440579629a2b06ad42?s=96&d=mm&r=g","contentUrl":"https:\/\/secure.gravatar.com\/avatar\/5ba99aa334392f60c04700a91d9615c4c1a130758f75b5440579629a2b06ad42?s=96&d=mm&r=g","caption":"editor"},"url":"https:\/\/smfc.pt\/en\/author\/editor\/"}]}},"_links":{"self":[{"href":"https:\/\/smfc.pt\/en\/wp-json\/wp\/v2\/posts\/82470","targetHints":{"allow":["GET"]}}],"collection":[{"href":"https:\/\/smfc.pt\/en\/wp-json\/wp\/v2\/posts"}],"about":[{"href":"https:\/\/smfc.pt\/en\/wp-json\/wp\/v2\/types\/post"}],"author":[{"embeddable":true,"href":"https:\/\/smfc.pt\/en\/wp-json\/wp\/v2\/users\/3"}],"replies":[{"embeddable":true,"href":"https:\/\/smfc.pt\/en\/wp-json\/wp\/v2\/comments?post=82470"}],"version-history":[{"count":0,"href":"https:\/\/smfc.pt\/en\/wp-json\/wp\/v2\/posts\/82470\/revisions"}],"wp:featuredmedia":[{"embeddable":true,"href":"https:\/\/smfc.pt\/en\/wp-json\/wp\/v2\/media\/80370"}],"wp:attachment":[{"href":"https:\/\/smfc.pt\/en\/wp-json\/wp\/v2\/media?parent=82470"}],"wp:term":[{"taxonomy":"category","embeddable":true,"href":"https:\/\/smfc.pt\/en\/wp-json\/wp\/v2\/categories?post=82470"},{"taxonomy":"post_tag","embeddable":true,"href":"https:\/\/smfc.pt\/en\/wp-json\/wp\/v2\/tags?post=82470"}],"curies":[{"name":"wp","href":"https:\/\/api.w.org\/{rel}","templated":true}]}}