{"id":82462,"date":"2021-12-16T18:45:36","date_gmt":"2021-12-16T18:45:36","guid":{"rendered":"https:\/\/smfc.pt\/atualizacao-do-retribuicao-minima-mensal-garantida-e-criacao-de-nova-medida-de-apoio-excecional-de-compensacao\/"},"modified":"2021-12-16T18:45:36","modified_gmt":"2021-12-16T18:45:36","slug":"atualizacao-do-retribuicao-minima-mensal-garantida-e-criacao-de-nova-medida-de-apoio-excecional-de-compensacao","status":"publish","type":"post","link":"https:\/\/smfc.pt\/en\/atualizacao-do-retribuicao-minima-mensal-garantida-e-criacao-de-nova-medida-de-apoio-excecional-de-compensacao\/","title":{"rendered":"Atualiza\u00e7\u00e3o do retribui\u00e7\u00e3o m\u00ednima mensal garantida e cria\u00e7\u00e3o de nova medida de apoio excecional de compensa\u00e7\u00e3o"},"content":{"rendered":"<p>No passado dia 7 de dezembro, foi publicado o Decreto-Lei n.\u00ba 109-B\/2021 que aprova a atualiza\u00e7\u00e3o do valor da retribui\u00e7\u00e3o m\u00ednima mensal garantida (RMMG) e cria uma medida excecional de compensa\u00e7\u00e3o do aumento da RMMG.<\/p>\n<p><strong>1. Atualiza\u00e7\u00e3o da RMMG <\/strong><\/p>\n<p>O valor da RMMG ser\u00e1 aumentado para <u>\u20ac 705,00 (setecentos e cinco euros)<\/u>, a partir de <u>1 de Janeiro de 2022<\/u>.<\/p>\n<p><strong>2. Medida de apoio de compensa\u00e7\u00e3o do aumento da RMMG<\/strong><\/p>\n<p><strong>O que \u00e9?<\/strong><\/p>\n<p>Trata-se de um subs\u00eddio pecuni\u00e1rio por trabalhador, pago de uma s\u00f3 vez, pelo IAPMEI-Ag\u00eancia para a Competitividade e Inova\u00e7\u00e3o, I.P. ou pelo Turismo de Portugal, I.P., conforme a atividade da entidade empregadora.<\/p>\n<p>Podem aceder a este apoio as entidades empregadoras, independentemente da sua forma jur\u00eddica, e ainda as pessoas singulares, que tenham um ou mais trabalhadores ao seu servi\u00e7o. <strong> <\/strong><\/p>\n<p><strong>Quais s\u00e3o as condi\u00e7\u00f5es de acesso?<\/strong><\/p>\n<p>Para poder ter acesso ao apoio, a entidade empregadora tem de:<\/p>\n<ol>\n<li>Apresentar, na declara\u00e7\u00e3o de remunera\u00e7\u00f5es referente a dezembro de 2021, um ou mais trabalhadores a tempo completo, com valor da remunera\u00e7\u00e3o base declarada igual ou superior \u00e0 RMMG para 2021 (\u20ac 665,00) e inferior \u00e0 RMMG para 2022 (\u20ac 705,00);<\/li>\n<li>Ter, no momento do pagamento do subs\u00eddio, a sua situa\u00e7\u00e3o tribut\u00e1ria e contributiva devidamente regularizada perante a Autoridade Tribut\u00e1ria e a Seguran\u00e7a Social.<\/li>\n<\/ol>\n<p><strong>Qual \u00e9 o valor do apoio?<\/strong><\/p>\n<p>O subs\u00eddio tem o valor de:<\/p>\n<ol>\n<li>\u20ac 112,00 por trabalhador que, na declara\u00e7\u00e3o de remunera\u00e7\u00f5es referente a dezembro de 2021, auferia a remunera\u00e7\u00e3o base declarada de \u20ac 665,00;<\/li>\n<li>\u20ac 112,00 por trabalhador que, na declara\u00e7\u00e3o de remunera\u00e7\u00f5es referente a dezembro de 2021, auferia a remunera\u00e7\u00e3o base declarada entre \u20ac 665,00 e \u20ac 705,00, quando tal valor se encontrasse previsto em instrumento de regulamenta\u00e7\u00e3o coletiva de trabalho, revisto ou alterado em 2021, e desde que, em dezembro de 2020, a remunera\u00e7\u00e3o base declarada fosse igual a \u20ac 665,00;<\/li>\n<li>\u20ac 56,00 por trabalhador que, na declara\u00e7\u00e3o de remunera\u00e7\u00f5es referente a dezembro de 2021, auferia a remunera\u00e7\u00e3o base declarada entre \u20ac 665,00 e \u20ac 705,00.<\/li>\n<\/ol>\n<p><strong>Como \u00e9 efetuado o pagamento?<\/strong><\/p>\n<p>As entidades empregadoras eleg\u00edveis e identificadas pelo sistema de informa\u00e7\u00e3o da Seguran\u00e7a Social devem, junto do sistema eletr\u00f3nico disponibilizado pelo IAPMEI e pelo Turismo de Portugal, registar:<\/p>\n<ol>\n<li>A autoriza\u00e7\u00e3o de consulta \u00e0 situa\u00e7\u00e3o tribut\u00e1ria e contributiva;<\/li>\n<li>O IBAN da conta banc\u00e1ria de que o empregador \u00e9 titular;<\/li>\n<li>O CAE principal;<\/li>\n<li>O endere\u00e7o eletr\u00f3nico e, opcionalmente, telefone de contacto.<\/li>\n<\/ol>\n<p>O registo eletr\u00f3nico dever\u00e1 ser efetuado com a informa\u00e7\u00e3o completa at\u00e9 ao dia 1 de Mar\u00e7o de 2022, sob pena do direito ao subs\u00eddio caducar.<\/p>\n<p>&nbsp;<\/p>\n<hr>\n<p><a href=\"https:\/\/smfc.pt\/equipa\/luisa-pestana-bastos\/\">Lu\u00edsa Pestana Bastos<\/a><br \/>\n<em>Advogada Associada do Departamento de Laboral<\/em><\/p>\n","protected":false},"excerpt":{"rendered":"<p>No passado dia 7 de dezembro, foi publicado o Decreto-Lei n.\u00ba 109-B\/2021 que aprova a atualiza\u00e7\u00e3o do valor da retribui\u00e7\u00e3o [&hellip;]<\/p>\n","protected":false},"author":3,"featured_media":80370,"comment_status":"closed","ping_status":"closed","sticky":false,"template":"","format":"standard","meta":{"footnotes":""},"categories":[135,155],"tags":[],"class_list":["post-82462","post","type-post","status-publish","format-standard","has-post-thumbnail","hentry","category-news","category-labour"],"yoast_head":"<!-- This site is optimized with the Yoast SEO plugin v27.5 - https:\/\/yoast.com\/product\/yoast-seo-wordpress\/ -->\n<title>Atualiza\u00e7\u00e3o do retribui\u00e7\u00e3o m\u00ednima mensal garantida e cria\u00e7\u00e3o de nova medida de apoio excecional de compensa\u00e7\u00e3o - Sousa Machado, Ferreira da Costa &amp; Associados<\/title>\n<meta name=\"robots\" content=\"index, follow, max-snippet:-1, max-image-preview:large, max-video-preview:-1\" \/>\n<link rel=\"canonical\" href=\"https:\/\/smfc.pt\/en\/atualizacao-do-retribuicao-minima-mensal-garantida-e-criacao-de-nova-medida-de-apoio-excecional-de-compensacao\/\" \/>\n<meta property=\"og:locale\" content=\"en_US\" \/>\n<meta property=\"og:type\" content=\"article\" \/>\n<meta property=\"og:title\" content=\"Atualiza\u00e7\u00e3o do retribui\u00e7\u00e3o m\u00ednima mensal garantida e cria\u00e7\u00e3o de nova medida de apoio excecional de compensa\u00e7\u00e3o - Sousa Machado, Ferreira da Costa &amp; Associados\" \/>\n<meta property=\"og:description\" content=\"No passado dia 7 de dezembro, foi publicado o Decreto-Lei n.\u00ba 109-B\/2021 que aprova a atualiza\u00e7\u00e3o do valor da retribui\u00e7\u00e3o [&hellip;]\" \/>\n<meta property=\"og:url\" content=\"https:\/\/smfc.pt\/en\/atualizacao-do-retribuicao-minima-mensal-garantida-e-criacao-de-nova-medida-de-apoio-excecional-de-compensacao\/\" \/>\n<meta property=\"og:site_name\" content=\"Sousa Machado, Ferreira da Costa &amp; Associados\" \/>\n<meta property=\"article:published_time\" content=\"2021-12-16T18:45:36+00:00\" \/>\n<meta property=\"og:image\" content=\"https:\/\/smfc.pt\/wp-content\/uploads\/Laboral-e-Seg_1.jpg\" \/>\n\t<meta property=\"og:image:width\" content=\"4000\" \/>\n\t<meta property=\"og:image:height\" content=\"2000\" \/>\n\t<meta property=\"og:image:type\" content=\"image\/jpeg\" \/>\n<meta name=\"author\" content=\"editor\" \/>\n<meta name=\"twitter:card\" content=\"summary_large_image\" \/>\n<meta name=\"twitter:label1\" content=\"Written by\" \/>\n\t<meta name=\"twitter:data1\" content=\"editor\" \/>\n\t<meta name=\"twitter:label2\" content=\"Est. reading time\" \/>\n\t<meta name=\"twitter:data2\" content=\"2 minutes\" \/>\n<script type=\"application\/ld+json\" class=\"yoast-schema-graph\">{\"@context\":\"https:\\\/\\\/schema.org\",\"@graph\":[{\"@type\":\"Article\",\"@id\":\"https:\\\/\\\/smfc.pt\\\/en\\\/atualizacao-do-retribuicao-minima-mensal-garantida-e-criacao-de-nova-medida-de-apoio-excecional-de-compensacao\\\/#article\",\"isPartOf\":{\"@id\":\"https:\\\/\\\/smfc.pt\\\/en\\\/atualizacao-do-retribuicao-minima-mensal-garantida-e-criacao-de-nova-medida-de-apoio-excecional-de-compensacao\\\/\"},\"author\":{\"name\":\"editor\",\"@id\":\"https:\\\/\\\/smfc.pt\\\/en\\\/#\\\/schema\\\/person\\\/ee9816ebdf6fae2117ca3f58337a3778\"},\"headline\":\"Atualiza\u00e7\u00e3o do retribui\u00e7\u00e3o m\u00ednima mensal garantida e cria\u00e7\u00e3o de nova medida de apoio excecional de compensa\u00e7\u00e3o\",\"datePublished\":\"2021-12-16T18:45:36+00:00\",\"mainEntityOfPage\":{\"@id\":\"https:\\\/\\\/smfc.pt\\\/en\\\/atualizacao-do-retribuicao-minima-mensal-garantida-e-criacao-de-nova-medida-de-apoio-excecional-de-compensacao\\\/\"},\"wordCount\":454,\"publisher\":{\"@id\":\"https:\\\/\\\/smfc.pt\\\/en\\\/#organization\"},\"image\":{\"@id\":\"https:\\\/\\\/smfc.pt\\\/en\\\/atualizacao-do-retribuicao-minima-mensal-garantida-e-criacao-de-nova-medida-de-apoio-excecional-de-compensacao\\\/#primaryimage\"},\"thumbnailUrl\":\"https:\\\/\\\/smfc.pt\\\/wp-content\\\/uploads\\\/Laboral-e-Seg_1.jpg\",\"articleSection\":[\"News\",\"Labour\"],\"inLanguage\":\"en-US\"},{\"@type\":\"WebPage\",\"@id\":\"https:\\\/\\\/smfc.pt\\\/en\\\/atualizacao-do-retribuicao-minima-mensal-garantida-e-criacao-de-nova-medida-de-apoio-excecional-de-compensacao\\\/\",\"url\":\"https:\\\/\\\/smfc.pt\\\/en\\\/atualizacao-do-retribuicao-minima-mensal-garantida-e-criacao-de-nova-medida-de-apoio-excecional-de-compensacao\\\/\",\"name\":\"Atualiza\u00e7\u00e3o do retribui\u00e7\u00e3o m\u00ednima mensal garantida e cria\u00e7\u00e3o de nova medida de apoio excecional de compensa\u00e7\u00e3o - Sousa Machado, Ferreira da Costa & Associados\",\"isPartOf\":{\"@id\":\"https:\\\/\\\/smfc.pt\\\/en\\\/#website\"},\"primaryImageOfPage\":{\"@id\":\"https:\\\/\\\/smfc.pt\\\/en\\\/atualizacao-do-retribuicao-minima-mensal-garantida-e-criacao-de-nova-medida-de-apoio-excecional-de-compensacao\\\/#primaryimage\"},\"image\":{\"@id\":\"https:\\\/\\\/smfc.pt\\\/en\\\/atualizacao-do-retribuicao-minima-mensal-garantida-e-criacao-de-nova-medida-de-apoio-excecional-de-compensacao\\\/#primaryimage\"},\"thumbnailUrl\":\"https:\\\/\\\/smfc.pt\\\/wp-content\\\/uploads\\\/Laboral-e-Seg_1.jpg\",\"datePublished\":\"2021-12-16T18:45:36+00:00\",\"breadcrumb\":{\"@id\":\"https:\\\/\\\/smfc.pt\\\/en\\\/atualizacao-do-retribuicao-minima-mensal-garantida-e-criacao-de-nova-medida-de-apoio-excecional-de-compensacao\\\/#breadcrumb\"},\"inLanguage\":\"en-US\",\"potentialAction\":[{\"@type\":\"ReadAction\",\"target\":[\"https:\\\/\\\/smfc.pt\\\/en\\\/atualizacao-do-retribuicao-minima-mensal-garantida-e-criacao-de-nova-medida-de-apoio-excecional-de-compensacao\\\/\"]}]},{\"@type\":\"ImageObject\",\"inLanguage\":\"en-US\",\"@id\":\"https:\\\/\\\/smfc.pt\\\/en\\\/atualizacao-do-retribuicao-minima-mensal-garantida-e-criacao-de-nova-medida-de-apoio-excecional-de-compensacao\\\/#primaryimage\",\"url\":\"https:\\\/\\\/smfc.pt\\\/wp-content\\\/uploads\\\/Laboral-e-Seg_1.jpg\",\"contentUrl\":\"https:\\\/\\\/smfc.pt\\\/wp-content\\\/uploads\\\/Laboral-e-Seg_1.jpg\",\"width\":4000,\"height\":2000},{\"@type\":\"BreadcrumbList\",\"@id\":\"https:\\\/\\\/smfc.pt\\\/en\\\/atualizacao-do-retribuicao-minima-mensal-garantida-e-criacao-de-nova-medida-de-apoio-excecional-de-compensacao\\\/#breadcrumb\",\"itemListElement\":[{\"@type\":\"ListItem\",\"position\":1,\"name\":\"In\u00edcio\",\"item\":\"https:\\\/\\\/smfc.pt\\\/en\\\/smfc\\\/\"},{\"@type\":\"ListItem\",\"position\":2,\"name\":\"Atualiza\u00e7\u00e3o do retribui\u00e7\u00e3o m\u00ednima mensal garantida e cria\u00e7\u00e3o de nova medida de apoio excecional de compensa\u00e7\u00e3o\"}]},{\"@type\":\"WebSite\",\"@id\":\"https:\\\/\\\/smfc.pt\\\/en\\\/#website\",\"url\":\"https:\\\/\\\/smfc.pt\\\/en\\\/\",\"name\":\"Sousa Machado, Ferreira da Costa & Associados\",\"description\":\"Sociedade de Advogados, RL\",\"publisher\":{\"@id\":\"https:\\\/\\\/smfc.pt\\\/en\\\/#organization\"},\"alternateName\":\"Sociedade de Advogados, RL\",\"potentialAction\":[{\"@type\":\"SearchAction\",\"target\":{\"@type\":\"EntryPoint\",\"urlTemplate\":\"https:\\\/\\\/smfc.pt\\\/en\\\/?s={search_term_string}\"},\"query-input\":{\"@type\":\"PropertyValueSpecification\",\"valueRequired\":true,\"valueName\":\"search_term_string\"}}],\"inLanguage\":\"en-US\"},{\"@type\":\"Organization\",\"@id\":\"https:\\\/\\\/smfc.pt\\\/en\\\/#organization\",\"name\":\"Sousa Machado, Ferreira da Costa & Associados\",\"alternateName\":\"Sociedade de Advogados, RL\",\"url\":\"https:\\\/\\\/smfc.pt\\\/en\\\/\",\"logo\":{\"@type\":\"ImageObject\",\"inLanguage\":\"en-US\",\"@id\":\"https:\\\/\\\/smfc.pt\\\/en\\\/#\\\/schema\\\/logo\\\/image\\\/\",\"url\":\"https:\\\/\\\/smfc.pt\\\/wp-content\\\/uploads\\\/Logo-completo.png\",\"contentUrl\":\"https:\\\/\\\/smfc.pt\\\/wp-content\\\/uploads\\\/Logo-completo.png\",\"width\":300,\"height\":300,\"caption\":\"Sousa Machado, Ferreira da Costa & Associados\"},\"image\":{\"@id\":\"https:\\\/\\\/smfc.pt\\\/en\\\/#\\\/schema\\\/logo\\\/image\\\/\"},\"sameAs\":[\"https:\\\/\\\/www.linkedin.com\\\/company\\\/smfc-sousa-machado-ferreira-da-costa-associados\\\/\"]},{\"@type\":\"Person\",\"@id\":\"https:\\\/\\\/smfc.pt\\\/en\\\/#\\\/schema\\\/person\\\/ee9816ebdf6fae2117ca3f58337a3778\",\"name\":\"editor\",\"image\":{\"@type\":\"ImageObject\",\"inLanguage\":\"en-US\",\"@id\":\"https:\\\/\\\/secure.gravatar.com\\\/avatar\\\/5ba99aa334392f60c04700a91d9615c4c1a130758f75b5440579629a2b06ad42?s=96&d=mm&r=g\",\"url\":\"https:\\\/\\\/secure.gravatar.com\\\/avatar\\\/5ba99aa334392f60c04700a91d9615c4c1a130758f75b5440579629a2b06ad42?s=96&d=mm&r=g\",\"contentUrl\":\"https:\\\/\\\/secure.gravatar.com\\\/avatar\\\/5ba99aa334392f60c04700a91d9615c4c1a130758f75b5440579629a2b06ad42?s=96&d=mm&r=g\",\"caption\":\"editor\"},\"url\":\"https:\\\/\\\/smfc.pt\\\/en\\\/author\\\/editor\\\/\"}]}<\/script>\n<!-- \/ Yoast SEO plugin. -->","yoast_head_json":{"title":"Atualiza\u00e7\u00e3o do retribui\u00e7\u00e3o m\u00ednima mensal garantida e cria\u00e7\u00e3o de nova medida de apoio excecional de compensa\u00e7\u00e3o - Sousa Machado, Ferreira da Costa & Associados","robots":{"index":"index","follow":"follow","max-snippet":"max-snippet:-1","max-image-preview":"max-image-preview:large","max-video-preview":"max-video-preview:-1"},"canonical":"https:\/\/smfc.pt\/en\/atualizacao-do-retribuicao-minima-mensal-garantida-e-criacao-de-nova-medida-de-apoio-excecional-de-compensacao\/","og_locale":"en_US","og_type":"article","og_title":"Atualiza\u00e7\u00e3o do retribui\u00e7\u00e3o m\u00ednima mensal garantida e cria\u00e7\u00e3o de nova medida de apoio excecional de compensa\u00e7\u00e3o - Sousa Machado, Ferreira da Costa & Associados","og_description":"No passado dia 7 de dezembro, foi publicado o Decreto-Lei n.\u00ba 109-B\/2021 que aprova a atualiza\u00e7\u00e3o do valor da retribui\u00e7\u00e3o [&hellip;]","og_url":"https:\/\/smfc.pt\/en\/atualizacao-do-retribuicao-minima-mensal-garantida-e-criacao-de-nova-medida-de-apoio-excecional-de-compensacao\/","og_site_name":"Sousa Machado, Ferreira da Costa & Associados","article_published_time":"2021-12-16T18:45:36+00:00","og_image":[{"width":4000,"height":2000,"url":"https:\/\/smfc.pt\/wp-content\/uploads\/Laboral-e-Seg_1.jpg","type":"image\/jpeg"}],"author":"editor","twitter_card":"summary_large_image","twitter_misc":{"Written by":"editor","Est. reading time":"2 minutes"},"schema":{"@context":"https:\/\/schema.org","@graph":[{"@type":"Article","@id":"https:\/\/smfc.pt\/en\/atualizacao-do-retribuicao-minima-mensal-garantida-e-criacao-de-nova-medida-de-apoio-excecional-de-compensacao\/#article","isPartOf":{"@id":"https:\/\/smfc.pt\/en\/atualizacao-do-retribuicao-minima-mensal-garantida-e-criacao-de-nova-medida-de-apoio-excecional-de-compensacao\/"},"author":{"name":"editor","@id":"https:\/\/smfc.pt\/en\/#\/schema\/person\/ee9816ebdf6fae2117ca3f58337a3778"},"headline":"Atualiza\u00e7\u00e3o do retribui\u00e7\u00e3o m\u00ednima mensal garantida e cria\u00e7\u00e3o de nova medida de apoio excecional de compensa\u00e7\u00e3o","datePublished":"2021-12-16T18:45:36+00:00","mainEntityOfPage":{"@id":"https:\/\/smfc.pt\/en\/atualizacao-do-retribuicao-minima-mensal-garantida-e-criacao-de-nova-medida-de-apoio-excecional-de-compensacao\/"},"wordCount":454,"publisher":{"@id":"https:\/\/smfc.pt\/en\/#organization"},"image":{"@id":"https:\/\/smfc.pt\/en\/atualizacao-do-retribuicao-minima-mensal-garantida-e-criacao-de-nova-medida-de-apoio-excecional-de-compensacao\/#primaryimage"},"thumbnailUrl":"https:\/\/smfc.pt\/wp-content\/uploads\/Laboral-e-Seg_1.jpg","articleSection":["News","Labour"],"inLanguage":"en-US"},{"@type":"WebPage","@id":"https:\/\/smfc.pt\/en\/atualizacao-do-retribuicao-minima-mensal-garantida-e-criacao-de-nova-medida-de-apoio-excecional-de-compensacao\/","url":"https:\/\/smfc.pt\/en\/atualizacao-do-retribuicao-minima-mensal-garantida-e-criacao-de-nova-medida-de-apoio-excecional-de-compensacao\/","name":"Atualiza\u00e7\u00e3o do retribui\u00e7\u00e3o m\u00ednima mensal garantida e cria\u00e7\u00e3o de nova medida de apoio excecional de compensa\u00e7\u00e3o - Sousa Machado, Ferreira da Costa & Associados","isPartOf":{"@id":"https:\/\/smfc.pt\/en\/#website"},"primaryImageOfPage":{"@id":"https:\/\/smfc.pt\/en\/atualizacao-do-retribuicao-minima-mensal-garantida-e-criacao-de-nova-medida-de-apoio-excecional-de-compensacao\/#primaryimage"},"image":{"@id":"https:\/\/smfc.pt\/en\/atualizacao-do-retribuicao-minima-mensal-garantida-e-criacao-de-nova-medida-de-apoio-excecional-de-compensacao\/#primaryimage"},"thumbnailUrl":"https:\/\/smfc.pt\/wp-content\/uploads\/Laboral-e-Seg_1.jpg","datePublished":"2021-12-16T18:45:36+00:00","breadcrumb":{"@id":"https:\/\/smfc.pt\/en\/atualizacao-do-retribuicao-minima-mensal-garantida-e-criacao-de-nova-medida-de-apoio-excecional-de-compensacao\/#breadcrumb"},"inLanguage":"en-US","potentialAction":[{"@type":"ReadAction","target":["https:\/\/smfc.pt\/en\/atualizacao-do-retribuicao-minima-mensal-garantida-e-criacao-de-nova-medida-de-apoio-excecional-de-compensacao\/"]}]},{"@type":"ImageObject","inLanguage":"en-US","@id":"https:\/\/smfc.pt\/en\/atualizacao-do-retribuicao-minima-mensal-garantida-e-criacao-de-nova-medida-de-apoio-excecional-de-compensacao\/#primaryimage","url":"https:\/\/smfc.pt\/wp-content\/uploads\/Laboral-e-Seg_1.jpg","contentUrl":"https:\/\/smfc.pt\/wp-content\/uploads\/Laboral-e-Seg_1.jpg","width":4000,"height":2000},{"@type":"BreadcrumbList","@id":"https:\/\/smfc.pt\/en\/atualizacao-do-retribuicao-minima-mensal-garantida-e-criacao-de-nova-medida-de-apoio-excecional-de-compensacao\/#breadcrumb","itemListElement":[{"@type":"ListItem","position":1,"name":"In\u00edcio","item":"https:\/\/smfc.pt\/en\/smfc\/"},{"@type":"ListItem","position":2,"name":"Atualiza\u00e7\u00e3o do retribui\u00e7\u00e3o m\u00ednima mensal garantida e cria\u00e7\u00e3o de nova medida de apoio excecional de compensa\u00e7\u00e3o"}]},{"@type":"WebSite","@id":"https:\/\/smfc.pt\/en\/#website","url":"https:\/\/smfc.pt\/en\/","name":"Sousa Machado, Ferreira da Costa & Associados","description":"Sociedade de Advogados, RL","publisher":{"@id":"https:\/\/smfc.pt\/en\/#organization"},"alternateName":"Sociedade de Advogados, RL","potentialAction":[{"@type":"SearchAction","target":{"@type":"EntryPoint","urlTemplate":"https:\/\/smfc.pt\/en\/?s={search_term_string}"},"query-input":{"@type":"PropertyValueSpecification","valueRequired":true,"valueName":"search_term_string"}}],"inLanguage":"en-US"},{"@type":"Organization","@id":"https:\/\/smfc.pt\/en\/#organization","name":"Sousa Machado, Ferreira da Costa & Associados","alternateName":"Sociedade de Advogados, RL","url":"https:\/\/smfc.pt\/en\/","logo":{"@type":"ImageObject","inLanguage":"en-US","@id":"https:\/\/smfc.pt\/en\/#\/schema\/logo\/image\/","url":"https:\/\/smfc.pt\/wp-content\/uploads\/Logo-completo.png","contentUrl":"https:\/\/smfc.pt\/wp-content\/uploads\/Logo-completo.png","width":300,"height":300,"caption":"Sousa Machado, Ferreira da Costa & Associados"},"image":{"@id":"https:\/\/smfc.pt\/en\/#\/schema\/logo\/image\/"},"sameAs":["https:\/\/www.linkedin.com\/company\/smfc-sousa-machado-ferreira-da-costa-associados\/"]},{"@type":"Person","@id":"https:\/\/smfc.pt\/en\/#\/schema\/person\/ee9816ebdf6fae2117ca3f58337a3778","name":"editor","image":{"@type":"ImageObject","inLanguage":"en-US","@id":"https:\/\/secure.gravatar.com\/avatar\/5ba99aa334392f60c04700a91d9615c4c1a130758f75b5440579629a2b06ad42?s=96&d=mm&r=g","url":"https:\/\/secure.gravatar.com\/avatar\/5ba99aa334392f60c04700a91d9615c4c1a130758f75b5440579629a2b06ad42?s=96&d=mm&r=g","contentUrl":"https:\/\/secure.gravatar.com\/avatar\/5ba99aa334392f60c04700a91d9615c4c1a130758f75b5440579629a2b06ad42?s=96&d=mm&r=g","caption":"editor"},"url":"https:\/\/smfc.pt\/en\/author\/editor\/"}]}},"_links":{"self":[{"href":"https:\/\/smfc.pt\/en\/wp-json\/wp\/v2\/posts\/82462","targetHints":{"allow":["GET"]}}],"collection":[{"href":"https:\/\/smfc.pt\/en\/wp-json\/wp\/v2\/posts"}],"about":[{"href":"https:\/\/smfc.pt\/en\/wp-json\/wp\/v2\/types\/post"}],"author":[{"embeddable":true,"href":"https:\/\/smfc.pt\/en\/wp-json\/wp\/v2\/users\/3"}],"replies":[{"embeddable":true,"href":"https:\/\/smfc.pt\/en\/wp-json\/wp\/v2\/comments?post=82462"}],"version-history":[{"count":0,"href":"https:\/\/smfc.pt\/en\/wp-json\/wp\/v2\/posts\/82462\/revisions"}],"wp:featuredmedia":[{"embeddable":true,"href":"https:\/\/smfc.pt\/en\/wp-json\/wp\/v2\/media\/80370"}],"wp:attachment":[{"href":"https:\/\/smfc.pt\/en\/wp-json\/wp\/v2\/media?parent=82462"}],"wp:term":[{"taxonomy":"category","embeddable":true,"href":"https:\/\/smfc.pt\/en\/wp-json\/wp\/v2\/categories?post=82462"},{"taxonomy":"post_tag","embeddable":true,"href":"https:\/\/smfc.pt\/en\/wp-json\/wp\/v2\/tags?post=82462"}],"curies":[{"name":"wp","href":"https:\/\/api.w.org\/{rel}","templated":true}]}}